{"id":118,"date":"2021-02-12T16:35:30","date_gmt":"2021-02-12T16:35:30","guid":{"rendered":"http:\/\/mario-schroettinger.de\/?p=118"},"modified":"2021-02-12T16:35:30","modified_gmt":"2021-02-12T16:35:30","slug":"1-geburtstag","status":"publish","type":"post","link":"https:\/\/mario-schroettinger.de\/?p=118","title":{"rendered":"1. Geburtstag"},"content":{"rendered":"\n<p>Hallo Ihr Lieben,<\/p>\n\n\n\n<p>vor genau einem Jahr wurde \u201cWatcher\u201d ver\u00f6ffentlicht. F\u00fcr mich bedeutete dies ein wirklich spannendes Jahr. Als ich vor, inzwischen \u00fcber acht Jahren, zum Spass damit angefangen habe, neben den Kurzgeschichten ein Buch zu schreiben, wusste ich nicht, was mich erwarten w\u00fcrde. Eigentlich war es nur f\u00fcr mich gedacht, um mal ein wenig abzuschalten und den Gedanken freien Lauf zu lassen. Oft musste ich lange Pausen machen, weil ich entweder nicht weiter wusste, oder es einfach die Zeit nicht zulie\u00df. Dann gab es Phasen, in denen ich nicht aufh\u00f6ren konnte zu schreiben, weil ich selbst wissen wollte, wie die Geschichte weitergeht. Als es schlie\u00dflich vor gut anderthalb Jahren fertig war, wusste ich zun\u00e4chst nicht, was ich als n\u00e4chstes machen sollte. Bis mir eine gute Freundin von ihrer Schwester erz\u00e4hlte, die Lektorin ist. Nach ein wenig \u00dcberredungsarbeit von meiner Frau habe ich ihr also das Buch zum Lesen geschickt. Kurz danach kam die R\u00fcckmeldung \u201cF\u00fcr gut befunden und sollte ver\u00f6ffentlicht werden\u201d. Jetzt wurde es also langsam ernst, und viele Entscheidungen mussten getroffen werden. Au\u00dferdem gab es noch einiges am Buch zu \u00fcberarbeiten. In den letzten zwei bis drei Monaten vor der Ver\u00f6ffentlichung hatte ich das Buch so oft gelesen, dass ich es selbst nicht mehr sehen konnte. Doch dann war es endlich soweit, und das erste Probeexemplar trudelte ins Haus. Dann konnte endlich die finale Version f\u00fcr den Druck und die Ver\u00f6ffentlichung freigegeben werden. In den ersten Monaten war ich \u00fcberw\u00e4ltigt und \u00fcberrascht von der Anzahl an B\u00fcchern, die verkauft wurden. Nat\u00fcrlich waren es viele Freunde und Verwandte,und die meisten Reaktionen auf das Buch waren positiv. Freunde, denen es gefiel, haben sich gemeldet, und die denen es nicht gefiel, wussten, wie ich mit negativer Kritik umgehe und haben es aus Selbstschutz f\u00fcr sich behalten ;). Nat\u00fcrlich gibt es, wie bei allem im Leben auch negative Kritiken zu dem Buch. Das ist nicht schlimm und hilft mir nat\u00fcrlich auch, an den n\u00e4chsten B\u00fcchern anders zu arbeiten. Ich denke, vieles ist auch der langen Entstehungszeit des Buches geschuldet. Beim Thema \u201clange Entstehungszeit\u201d muss ich an Watcher Legacy denken. Viele haben mich auf den zweiten Teil des Buches angesprochen, und ich habe es auch immer wieder best\u00e4tigt. Die Arbeiten laufen und sind zu gut dreiviertel fertig. Von mir geplant war es, den zweiten Teil ein Jahr nach dem ersten zu ver\u00f6ffentlichen, naja hat nicht geklappt. Aber ich denke, im Vergleich zum ersten Teil liege ich noch ganz gut im Rennen. So, den ganzen Text habe ich eigentlich&nbsp; geschrieben, um mich bei Euch zu bedanken.&nbsp;<\/p>\n\n\n\n<p>Vielen Dank, dass ihr Watcher gekauft habt und f\u00fcr das Feedback, welches ihr mir gegeben habt. Es hat mich gefreut, euch mit Watcher zu unterhalten. Vielleicht konnte damit der ein oder andere dem Coronajahr ein wenig entfliehen und Zuflucht in einer Welt ohne Corona finden. Und wenn es dort doch Corona gibt, gibt es sicher das Impfmittel auf der Krankenstation der Watcher.&nbsp;<\/p>\n\n\n\n<p>Ob ihr es von Bettina oder Simone bekommt, d\u00fcrft ihr entscheiden ;). Nach Einspruch von meiner Frau w\u00fcrde auch Falk die Impfung verabreichen. Also, bleibt gesund und hoffentlich bis bald&nbsp;<\/p>\n\n\n\n<p>liebe Gr\u00fc\u00dfe<\/p>\n\n\n\n<p>Mario<\/p>\n\n\n\n<figure class=\"wp-block-image size-large\"><img loading=\"lazy\" width=\"1024\" height=\"1024\" src=\"https:\/\/mario-schroettinger.de\/wp-content\/uploads\/2021\/02\/autor-1-1024x1024.jpg\" alt=\"\" class=\"wp-image-119\" srcset=\"https:\/\/mario-schroettinger.de\/wp-content\/uploads\/2021\/02\/autor-1-1024x1024.jpg 1024w, https:\/\/mario-schroettinger.de\/wp-content\/uploads\/2021\/02\/autor-1-300x300.jpg 300w, https:\/\/mario-schroettinger.de\/wp-content\/uploads\/2021\/02\/autor-1-150x150.jpg 150w, https:\/\/mario-schroettinger.de\/wp-content\/uploads\/2021\/02\/autor-1-768x768.jpg 768w, https:\/\/mario-schroettinger.de\/wp-content\/uploads\/2021\/02\/autor-1-1536x1536.jpg 1536w, https:\/\/mario-schroettinger.de\/wp-content\/uploads\/2021\/02\/autor-1-2048x2048.jpg 2048w, https:\/\/mario-schroettinger.de\/wp-content\/uploads\/2021\/02\/autor-1-100x100.jpg 100w\" sizes=\"(max-width: 767px) 89vw, (max-width: 1000px) 54vw, (max-width: 1071px) 543px, 580px\" \/><\/figure>\n","protected":false},"excerpt":{"rendered":"<p>Hallo Ihr Lieben, vor genau einem Jahr wurde \u201cWatcher\u201d ver\u00f6ffentlicht. F\u00fcr mich bedeutete dies ein wirklich spannendes Jahr. Als ich vor, inzwischen \u00fcber acht Jahren, zum Spass damit angefangen habe, neben den Kurzgeschichten ein Buch zu schreiben, wusste ich nicht, was mich erwarten w\u00fcrde. Eigentlich war es nur f\u00fcr mich gedacht, um mal ein wenig &hellip; <\/p>\n<p class=\"link-more\"><a href=\"https:\/\/mario-schroettinger.de\/?p=118\" class=\"more-link\"><span class=\"screen-reader-text\">\u201e1. Geburtstag\u201c<\/span> weiterlesen<\/a><\/p>\n","protected":false},"author":1,"featured_media":0,"comment_status":"open","ping_status":"open","sticky":false,"template":"","format":"standard","meta":[],"categories":[1],"tags":[],"_links":{"self":[{"href":"https:\/\/mario-schroettinger.de\/index.php?rest_route=\/wp\/v2\/posts\/118"}],"collection":[{"href":"https:\/\/mario-schroettinger.de\/index.php?rest_route=\/wp\/v2\/posts"}],"about":[{"href":"https:\/\/mario-schroettinger.de\/index.php?rest_route=\/wp\/v2\/types\/post"}],"author":[{"embeddable":true,"href":"https:\/\/mario-schroettinger.de\/index.php?rest_route=\/wp\/v2\/users\/1"}],"replies":[{"embeddable":true,"href":"https:\/\/mario-schroettinger.de\/index.php?rest_route=%2Fwp%2Fv2%2Fcomments&post=118"}],"version-history":[{"count":1,"href":"https:\/\/mario-schroettinger.de\/index.php?rest_route=\/wp\/v2\/posts\/118\/revisions"}],"predecessor-version":[{"id":120,"href":"https:\/\/mario-schroettinger.de\/index.php?rest_route=\/wp\/v2\/posts\/118\/revisions\/120"}],"wp:attachment":[{"href":"https:\/\/mario-schroettinger.de\/index.php?rest_route=%2Fwp%2Fv2%2Fmedia&parent=118"}],"wp:term":[{"taxonomy":"category","embeddable":true,"href":"https:\/\/mario-schroettinger.de\/index.php?rest_route=%2Fwp%2Fv2%2Fcategories&post=118"},{"taxonomy":"post_tag","embeddable":true,"href":"https:\/\/mario-schroettinger.de\/index.php?rest_route=%2Fwp%2Fv2%2Ftags&post=118"}],"curies":[{"name":"wp","href":"https:\/\/api.w.org\/{rel}","templated":true}]}}